{"id":4939,"date":"2020-05-01T13:00:42","date_gmt":"2020-05-01T13:00:42","guid":{"rendered":"https:\/\/www.demencias.cl\/?p=4939"},"modified":"2020-05-07T04:21:42","modified_gmt":"2020-05-07T04:21:42","slug":"publicaciones-y-correspondencia-cientifica-demencia-y-covid-19","status":"publish","type":"post","link":"https:\/\/www.demencias.cl\/?p=4939","title":{"rendered":"Publicaciones y correspondencia cient\u00edfica: demencia y COVID-19"},"content":{"rendered":"\n<p>En este apartado entregamos una lista de estudios y correspondencia publicados en revistas cient\u00edficas en relaci\u00f3n al tema de demencia y COVID-19. <\/p>\n\n\n\n<p>Los estudios fueron extraidos de las bases de datos: PubMed, PsycInfo, Scopus, Scielo. No existe restricci\u00f3n de idioma ni fecha de publicaci\u00f3n. <\/p>\n\n\n\n<p><\/p>\n\n\n\n<p><\/p>\n\n\n\n<p>Huang HT, Chen TC, Liu TY, Chiu CF, Hsieh WC, Yang CJ, Chen YH. How to prevent outbreak of a hospital-affiliated\u00a0dementia\u00a0day-care facility in the pandemic\u00a0COVID-19\u00a0infection in Taiwan. J Microbiol Immunol Infect. 2020. pii: S1684-1182(20)30101-8. doi: 10.1016\/j.jmii.2020.04.007.  <a href=\"https:\/\/www.sciencedirect.com\/science\/article\/pii\/S1684118220301018?via%3Dihub\">https:\/\/www.sciencedirect.com\/science\/article\/pii\/S1684118220301018?via%3Dihub<\/a> <\/p>\n\n\n\n<p>Cipriani G, Fiorino MD. Access to Care for&nbsp;Dementia&nbsp;Patients Suffering From&nbsp;COVID-19. Am J Geriatr Psychiatry. 2020. pii: S1064-7481(20)30294-3. doi: 10.1016\/j.jagp.2020.04.010.  <a href=\"https:\/\/www.sciencedirect.com\/science\/article\/pii\/S1064748120302931?via%3Dihub\">https:\/\/www.sciencedirect.com\/science\/article\/pii\/S1064748120302931?via%3Dihub<\/a> <\/p>\n\n\n\n<p>Brown EE, Kumar S, Rajji TK, Pollock BG, Mulsant BH. Anticipating and Mitigating the Impact of the&nbsp;COVID-19&nbsp;Pandemic on Alzheimer&#8217;s Disease and Related&nbsp;Dementias. Am J Geriatr Psychiatry. 2020. pii: S1064-7481(20)30294-3. doi: 10.1016\/j.jagp.2020.04.010.  <a href=\"https:\/\/www.sciencedirect.com\/science\/article\/pii\/S1064748120302943?via%3Dihub\">https:\/\/www.sciencedirect.com\/science\/article\/pii\/S1064748120302943?via%3Dihub<\/a> <\/p>\n\n\n\n<p>Holmes EA, O&#8217;Connor RC, Perry VH, et al. Multidisciplinary research priorities for the&nbsp;COVID-19&nbsp;pandemic: a call for action for mental health science. Lancet Psychiatry. 2020. pii: S2215-0366(20)30168-1. doi: 10.1016\/S2215-0366(20)30168-1.  <a href=\"https:\/\/www.sciencedirect.com\/science\/article\/pii\/S2215036620301681?via%3Dihub\">https:\/\/www.sciencedirect.com\/science\/article\/pii\/S2215036620301681?via%3Dihub<\/a> <\/p>\n\n\n\n<p>Alzheimer&#8217;s Disease Research Enterprise in the Era of COVID-19\/SARS-CoV-2. Alzheimers Dement. 2020;16(4):587-588. doi: 10.1002\/alz.12093.  <a href=\"https:\/\/alz-journals.onlinelibrary.wiley.com\/doi\/full\/10.1002\/alz.12093\">https:\/\/alz-journals.onlinelibrary.wiley.com\/doi\/full\/10.1002\/alz.12093<\/a> <\/p>\n\n\n\n<p>Wang H, Li T, Barbarino P, et al. Dementia&nbsp;care during&nbsp;COVID-19. Lancet. 2020;395(10231):1190-1191. doi: 10.1016\/S0140-6736(20)30755-8.  <a href=\"https:\/\/www.sciencedirect.com\/science\/article\/pii\/S0140673620307558?via%3Dihub\">https:\/\/www.sciencedirect.com\/science\/article\/pii\/S0140673620307558?via%3Dihub<\/a> <\/p>\n\n\n\n<p>Butler MJ, Barrientos RM. The impact of nutrition on&nbsp;COVID-19&nbsp;susceptibility and long-term consequences. Brain Behav Immun. 2020. pii: S0889-1591(20)30537-7. doi: 10.1016\/j.bbi.2020.04.040.  <a href=\"https:\/\/www.sciencedirect.com\/science\/article\/pii\/S0889159120305377?via%3Dihub\">https:\/\/www.sciencedirect.com\/science\/article\/pii\/S0889159120305377?via%3Dihub<\/a> <\/p>\n\n\n\n<p>Mani Mishra P, Uversky VN, Nandi CK. Serum albumin-mediated strategy for the effective targeting of SARS-CoV-2. Med Hypotheses. 2020;140:109790. doi: 10.1016\/j.mehy.2020.109790.  <a href=\"https:\/\/www.sciencedirect.com\/science\/article\/pii\/S0306987720307313?via%3Dihub\">https:\/\/www.sciencedirect.com\/science\/article\/pii\/S0306987720307313?via%3Dihub<\/a> <\/p>\n\n\n\n<p>Padala SP, Jendro AM, Orr LC. Facetime to reduce behavioral problems in a nursing home resident with Alzheimer&#8217;s dementia during COVID-19. Psychiatry Res. 2020 Apr 23;288:113028. doi: 10.1016\/j.psychres.2020.113028.  <a href=\"https:\/\/www.sciencedirect.com\/science\/article\/pii\/S0165178120307587?via%3Dihub\">https:\/\/www.sciencedirect.com\/science\/article\/pii\/S0165178120307587?via%3Dihub<\/a> <\/p>\n\n\n\n<p>Serrano-Castro PJ, Estivill-Torr\u00fas G, Cabezudo-Garc\u00eda P, et al. Influencia de la infecci\u00f3n SARS-CoV-2 sobre enfermedades neurodegenerativas y neuropsiqui\u00e1tricas: \u00bfuna pandemia demorada? Neurologia. 2020. pii: S0213-4853(20)30067-0. doi: 10.1016\/j.nrl.2020.04.002.  <a href=\"https:\/\/www.elsevier.es\/es-revista-neurologia-295-linkresolver-influencia-infeccion-sars-cov-2-sobre-enfermedades-S0213485320300670\">https:\/\/www.elsevier.es\/es-revista-neurologia-295-linkresolver-influencia-infeccion-sars-cov-2-sobre-enfermedades-S0213485320300670<\/a> <\/p>\n\n\n\n<p>Zimmerman S, Sloane PD, Katz PR, Kunze M, O&#8217;Neil K, Resnick B. The Need to Include Assisted Living in Responding to the COVID-19 Pandemic. J Am Med Dir Assoc. 2020;21(5):572-575. doi: 10.1016\/j.jamda.2020.03.024. <a href=\"https:\/\/www.sciencedirect.com\/science\/article\/pii\/S1525861020302838?via%3Dihub\">https:\/\/www.sciencedirect.com\/science\/article\/pii\/S1525861020302838?via%3Dihub<\/a><\/p>\n\n\n\n<p>Abbatecola AM, Antonelli-Incalzi R. Editorial: COVID-19 Spiraling of Frailty in Older Italian Patients. J Nutr Health Aging. 2020;24(5):453-455. doi: 10.1007\/s12603-020-1357-9.  <a href=\"https:\/\/link.springer.com\/article\/10.1007\/s12603-020-1357-9\">https:\/\/link.springer.com\/article\/10.1007\/s12603-020-1357-9<\/a> <\/p>\n\n\n\n<p>Karaahmet F, Karaahmet OZ. Potential effect of natural and anabolizan steroids in elderly patient with COVID-19. Med Hypotheses. Med Hypotheses. 2020;140:109772. doi: 10.1016\/j.mehy.2020.109772.  <a href=\"https:\/\/www.sciencedirect.com\/science\/article\/pii\/S0306987720305120?via%3Dihub\">https:\/\/www.sciencedirect.com\/science\/article\/pii\/S0306987720305120?via%3Dihub<\/a> <\/p>\n\n\n\n<p>National Institute for Health and Care Excellence (NICE) in collaboration with NHS England and NHS Improvement. Managing COVID-19 symptoms (including at the end of life) in the community: summary of NICE guidelines. BMJ. 2020;369:m1461. doi: 10.1136\/bmj.m1461.  <a href=\"https:\/\/www.bmj.com\/content\/369\/bmj.m1461.long\">https:\/\/www.bmj.com\/content\/369\/bmj.m1461.long<\/a> <\/p>\n\n\n\n<p>Kotfis K, Williams Roberson S, Wilson JE, Dabrowski W, Pun BT, Ely EW. COVID-19: ICU delirium management during SARS-CoV-2 pandemic. Crit Care. 2020;24(1):176. doi: 10.1186\/s13054-020-02882-x.  <a href=\"https:\/\/ccforum.biomedcentral.com\/articles\/10.1186\/s13054-020-02882-x\">https:\/\/ccforum.biomedcentral.com\/articles\/10.1186\/s13054-020-02882-x<\/a> <\/p>\n\n\n\n<p><\/p>\n\n\n\n<p><\/p>\n\n\n\n<p><\/p>\n\n\n\n<p><\/p>\n\n\n\n<p><\/p>\n\n\n\n<p><\/p>\n","protected":false},"excerpt":{"rendered":"<p>En este apartado entregamos una lista de estudios y correspondencia publicados en revistas cient\u00edficas en relaci\u00f3n al tema de demencia y COVID-19. Los estudios fueron extraidos de las bases de datos: PubMed, PsycInfo, Scopus, Scielo. No existe restricci\u00f3n de idioma ni fecha de publicaci\u00f3n. Huang HT, Chen TC, Liu TY, Chiu CF, Hsieh WC, Yang [&hellip;]<\/p>\n","protected":false},"author":1,"featured_media":4940,"comment_status":"closed","ping_status":"open","sticky":false,"template":"","format":"standard","meta":[],"categories":[131,130],"tags":[],"_links":{"self":[{"href":"https:\/\/www.demencias.cl\/index.php?rest_route=\/wp\/v2\/posts\/4939"}],"collection":[{"href":"https:\/\/www.demencias.cl\/index.php?rest_route=\/wp\/v2\/posts"}],"about":[{"href":"https:\/\/www.demencias.cl\/index.php?rest_route=\/wp\/v2\/types\/post"}],"author":[{"embeddable":true,"href":"https:\/\/www.demencias.cl\/index.php?rest_route=\/wp\/v2\/users\/1"}],"replies":[{"embeddable":true,"href":"https:\/\/www.demencias.cl\/index.php?rest_route=%2Fwp%2Fv2%2Fcomments&post=4939"}],"version-history":[{"count":6,"href":"https:\/\/www.demencias.cl\/index.php?rest_route=\/wp\/v2\/posts\/4939\/revisions"}],"predecessor-version":[{"id":4960,"href":"https:\/\/www.demencias.cl\/index.php?rest_route=\/wp\/v2\/posts\/4939\/revisions\/4960"}],"wp:featuredmedia":[{"embeddable":true,"href":"https:\/\/www.demencias.cl\/index.php?rest_route=\/wp\/v2\/media\/4940"}],"wp:attachment":[{"href":"https:\/\/www.demencias.cl\/index.php?rest_route=%2Fwp%2Fv2%2Fmedia&parent=4939"}],"wp:term":[{"taxonomy":"category","embeddable":true,"href":"https:\/\/www.demencias.cl\/index.php?rest_route=%2Fwp%2Fv2%2Fcategories&post=4939"},{"taxonomy":"post_tag","embeddable":true,"href":"https:\/\/www.demencias.cl\/index.php?rest_route=%2Fwp%2Fv2%2Ftags&post=4939"}],"curies":[{"name":"wp","href":"https:\/\/api.w.org\/{rel}","templated":true}]}}