{"id":4934,"date":"2020-04-30T01:33:17","date_gmt":"2020-04-30T01:33:17","guid":{"rendered":"https:\/\/www.demencias.cl\/?p=4934"},"modified":"2020-05-07T04:21:30","modified_gmt":"2020-05-07T04:21:30","slug":"lo-que-necesita-saber-sobre-la-enfermedad-del-coronavirus-2019-covid-19","status":"publish","type":"post","link":"https:\/\/www.demencias.cl\/?p=4934","title":{"rendered":"Lo que necesita saber sobre la enfermedad del coronavirus 2019 (COVID-19)"},"content":{"rendered":"\n<p><strong>\u00bfQu\u00e9 es la enfermedad del coronavirus 2019 (COVID-19)?<\/strong><br> La enfermedad del coronavirus 2019 (COVID-19) es una afecci\u00f3n respiratoria que se puede propagar de persona a persona. El virus que causa el COVID-19 es un nuevo coronavirus que se identific\u00f3 por primera vez durante la investigaci\u00f3n de un brote en Wuhan, China.<\/p>\n\n\n\n<p><\/p>\n\n\n\n<p><\/p>\n\n\n\n<p><strong>\u00bfPueden las personas contraer el COVID-19?<\/strong><br> S\u00ed. El COVID-19 se est\u00e1 propagando de persona a persona en todas partes del mundo. El riesgo de infecci\u00f3n con COVID-19 es mayor en las personas que son contactos cercanos de alguien que se sepa que tiene el COVID-19, por ejemplo, trabajadores del sector de la salud o miembros del hogar. Otras personas con un riesgo mayor de infecci\u00f3n son las que viven o han estado recientemente en un \u00e1rea con propagaci\u00f3n en curso del COVID-19.<\/p>\n\n\n\n<p><strong>\u00bfC\u00f3mo se propaga el COVID-19?<\/strong><br> Es probable que el virus que causa el COVID-19 haya surgido de una fuente animal, pero ahora se est\u00e1 propagando de persona a persona. Se cree que el virus se propaga principalmente entre las personas que est\u00e1n en contacto cercano unas con otras (dentro de 6 pies de distancia), a trav\u00e9s de las gotitas respiratorias que se producen cuando una persona infectada tose o estornuda. Tambi\u00e9n podr\u00eda ser posible que una persona contraiga el COVID-19 al tocar una superficie u objeto que tenga el virus y luego se toque la boca, la nariz o posiblemente los ojos, aunque no se cree que esta sea la principal forma en que se propaga el virus. Inf\u00f3rmese sobre lo que se sabe acerca de la propagaci\u00f3n de los coronavirus de reciente aparici\u00f3n en https:\/\/www.cdc.gov\/coronavirus\/2019-ncov\/about\/transmission-sp.html.<\/p>\n\n\n\n<p><strong>\u00bfCu\u00e1les son los s\u00edntomas del COVID-19?<\/strong><br> Los pacientes con COVID-19 han tenido enfermedad respiratoria de leve a grave con los siguientes s\u00edntomas:<br> fiebre<br> tos<br> dificultad para respirar<\/p>\n\n\n\n<p><strong>\u00bfCu\u00e1les son las complicaciones graves provocadas por este virus?<\/strong><br> Algunos pacientes presentan neumon\u00eda en ambos pulmones, insuficiencia de m\u00faltiples \u00f3rganos y algunos han muerto.<\/p>\n\n\n\n<p><strong>\u00bfQu\u00e9 puedo hacer para ayudar a protegerme?<\/strong><br>Las personas se pueden proteger de las enfermedades respiratorias tomando medidas preventivas cotidianas.<br>Evite el contacto cercano con personas enfermas.<br>Evite tocarse los ojos, la nariz y la boca con las manos sin lavar.<br>L\u00e1vese frecuentemente las manos con agua y jab\u00f3n por al menos 20 segundos. Use un desinfectante de manos que contenga al menos un 60 % de alcohol si no hay agua y jab\u00f3n disponibles.<\/p>\n\n\n\n<p><strong>Si est\u00e1 enfermo, para prevenir la propagaci\u00f3n de la enfermedad respiratoria a los dem\u00e1s, deber\u00eda hacer lo siguiente:<\/strong><br>Quedarse en casa si est\u00e1 enfermo.<br>Cubrirse la nariz y la boca con un pa\u00f1uelo desechable al toseroestornudar y luego botarlo a la basura.<br>Limpiar y desinfectar los objetos y las superficies que se tocan frecuentemente.<\/p>\n\n\n\n<p><strong>\u00bfHay alguna vacuna?<\/strong><br> En la actualidad no existe una vacuna que proteja contra el COVID-19. La mejor manera de prevenir infecciones es tomar medidas preventivas cotidianas, como evitar el contacto cercano con personas enfermas y lavarse las manos con frecuencia.<\/p>\n\n\n\n<p><strong>\u00bfExiste un tratamiento?<\/strong><br> No hay un tratamiento antiviral espec\u00edfico para el COVID-19.<br> Las personas con el COVID-19 pueden buscar atenci\u00f3n m\u00e9dica para ayudar a aliviar los s\u00edntomas.<\/p>\n\n\n\n<p><\/p>\n\n\n\n<p>Center for Disease Control and Prevention (CDC). cdc.gov\/COVID19-es<\/p>\n\n\n\n<p><\/p>\n","protected":false},"excerpt":{"rendered":"<p>\u00bfQu\u00e9 es la enfermedad del coronavirus 2019 (COVID-19)? La enfermedad del coronavirus 2019 (COVID-19) es una afecci\u00f3n respiratoria que se puede propagar de persona a persona. El virus que causa el COVID-19 es un nuevo coronavirus que se identific\u00f3 por primera vez durante la investigaci\u00f3n de un brote en Wuhan, China. \u00bfPueden las personas contraer [&hellip;]<\/p>\n","protected":false},"author":1,"featured_media":4937,"comment_status":"closed","ping_status":"open","sticky":false,"template":"","format":"standard","meta":[],"categories":[130],"tags":[],"_links":{"self":[{"href":"https:\/\/www.demencias.cl\/index.php?rest_route=\/wp\/v2\/posts\/4934"}],"collection":[{"href":"https:\/\/www.demencias.cl\/index.php?rest_route=\/wp\/v2\/posts"}],"about":[{"href":"https:\/\/www.demencias.cl\/index.php?rest_route=\/wp\/v2\/types\/post"}],"author":[{"embeddable":true,"href":"https:\/\/www.demencias.cl\/index.php?rest_route=\/wp\/v2\/users\/1"}],"replies":[{"embeddable":true,"href":"https:\/\/www.demencias.cl\/index.php?rest_route=%2Fwp%2Fv2%2Fcomments&post=4934"}],"version-history":[{"count":2,"href":"https:\/\/www.demencias.cl\/index.php?rest_route=\/wp\/v2\/posts\/4934\/revisions"}],"predecessor-version":[{"id":4959,"href":"https:\/\/www.demencias.cl\/index.php?rest_route=\/wp\/v2\/posts\/4934\/revisions\/4959"}],"wp:featuredmedia":[{"embeddable":true,"href":"https:\/\/www.demencias.cl\/index.php?rest_route=\/wp\/v2\/media\/4937"}],"wp:attachment":[{"href":"https:\/\/www.demencias.cl\/index.php?rest_route=%2Fwp%2Fv2%2Fmedia&parent=4934"}],"wp:term":[{"taxonomy":"category","embeddable":true,"href":"https:\/\/www.demencias.cl\/index.php?rest_route=%2Fwp%2Fv2%2Fcategories&post=4934"},{"taxonomy":"post_tag","embeddable":true,"href":"https:\/\/www.demencias.cl\/index.php?rest_route=%2Fwp%2Fv2%2Ftags&post=4934"}],"curies":[{"name":"wp","href":"https:\/\/api.w.org\/{rel}","templated":true}]}}